{"id":632,"date":"2026-04-22T09:01:00","date_gmt":"2026-04-22T09:01:00","guid":{"rendered":"https:\/\/news.marcabianca.bike\/?p=632"},"modified":"2026-04-27T09:22:32","modified_gmt":"2026-04-27T09:22:32","slug":"prosecco-unbound-seconda-edizione-esplorazione-territorio-e-storia","status":"publish","type":"post","link":"https:\/\/news.marcabianca.bike\/index.php\/2026\/04\/22\/prosecco-unbound-seconda-edizione-esplorazione-territorio-e-storia\/","title":{"rendered":"Prosecco Unbound, seconda edizione: esplorazione, territorio e storia"},"content":{"rendered":"\n<p><a href=\"https:\/\/bici.style\/author\/filippo_lorenzon\/\"><a href=\"https:\/\/bici.style\/author\/stefano_masi\/\">Stefano Masi<\/a><\/a><\/p>\n\n\n\n<p>Torna la Prosecco Unbound, evento non competitivo in formula self-supported dedicato all\u2019esplorazione cicloturistica per biciclette gravel e mountain bike.\u00a0<strong>Si svolger\u00e0 dal 30 maggio al 2 giugno prossimi e porter\u00e0 i cicloviaggiatori a vivere e scoprire le Colline del Prosecco<\/strong>, ma anche i territori del Montello e della Pedemontana del Grappa. La manifestazione avr\u00e0 come sede di partenza e arrivo Pieve di Soligo, sede del campionato del mondo gravel del 2023, sempre organizzato da Pedali di Marca.\u00a0<strong>In un territorio estremamente legato alla bicicletta e al pedalare<\/strong>.\u00a0<\/p>\n\n\n\n<figure class=\"wp-block-image size-full\"><img loading=\"lazy\" decoding=\"async\" width=\"928\" height=\"507\" src=\"https:\/\/news.marcabianca.bike\/wp-content\/uploads\/2026\/04\/image.png\" alt=\"\" class=\"wp-image-633\" srcset=\"https:\/\/news.marcabianca.bike\/wp-content\/uploads\/2026\/04\/image.png 928w, https:\/\/news.marcabianca.bike\/wp-content\/uploads\/2026\/04\/image-300x164.png 300w, https:\/\/news.marcabianca.bike\/wp-content\/uploads\/2026\/04\/image-768x420.png 768w, https:\/\/news.marcabianca.bike\/wp-content\/uploads\/2026\/04\/image-137x75.png 137w, https:\/\/news.marcabianca.bike\/wp-content\/uploads\/2026\/04\/image-480x262.png 480w\" sizes=\"auto, (max-width:767px) 480px, (max-width:928px) 100vw, 928px\" \/><\/figure>\n\n\n\n<h2 class=\"wp-block-heading\"><strong>L\u2019eredit\u00e0 del mondiale<\/strong><\/h2>\n\n\n\n<p>La Prosecco Unbound \u00e8 giunta alla sua seconda edizione, un evento giovane e nuovo che \u00e8 nato dall\u2019esperienza e dall\u2019esplorazione del territorio,&nbsp;<strong>eredit\u00e0 del campionato del mondo gravel del 2023 nonch\u00e9 dell\u2019arrivo del prossimo Giro d\u2019Italia il 28 maggio proprio a Pieve di Soligo<\/strong>.&nbsp;<\/p>\n\n\n\n<p>L\u2019obiettivo di&nbsp;<a href=\"https:\/\/bici.style\/proposte\/marca-bianca-gravel-treviso-emozioni\/\" target=\"_blank\" rel=\"noreferrer noopener\">Marca Bianca<\/a>&nbsp;\u00e8 quello di mettere al centro e valorizzare in maniera totale e completa il territorio dell\u2019Alta Marca Trevigiana.&nbsp;<strong>Si tratta di un modo unico per offrire agli appassionati di cicloturismo di esplorare e gustare della straordinaria variet\u00e0 paesaggistica<\/strong>, culturale ed enogastronomica di un territorio riconosciuto Patrimonio UNESCO: le Colline del Prosecco.&nbsp;<\/p>\n\n\n\n<p>Sport professionistico e territorio possono e devono comunicare attraverso la fatica degli atleti la bellezza dei paesaggi e della storia.\u00a0<strong>L\u2019area delle Colline del Prosecco negli ultimi anni ha vissuto e fatto vivere questo binomio<\/strong>, acquisendo una visibilit\u00e0 internazionale che \u00e8 ancora in costante crescita.\u00a0<\/p>\n\n\n\n<figure class=\"wp-block-image size-full\"><img loading=\"lazy\" decoding=\"async\" width=\"928\" height=\"507\" src=\"https:\/\/news.marcabianca.bike\/wp-content\/uploads\/2026\/04\/image-1.png\" alt=\"\" class=\"wp-image-634\" srcset=\"https:\/\/news.marcabianca.bike\/wp-content\/uploads\/2026\/04\/image-1.png 928w, https:\/\/news.marcabianca.bike\/wp-content\/uploads\/2026\/04\/image-1-300x164.png 300w, https:\/\/news.marcabianca.bike\/wp-content\/uploads\/2026\/04\/image-1-768x420.png 768w, https:\/\/news.marcabianca.bike\/wp-content\/uploads\/2026\/04\/image-1-137x75.png 137w, https:\/\/news.marcabianca.bike\/wp-content\/uploads\/2026\/04\/image-1-480x262.png 480w\" sizes=\"auto, (max-width:767px) 480px, (max-width:928px) 100vw, 928px\" \/><\/figure>\n\n\n\n<h2 class=\"wp-block-heading\"><strong>Immergersi nell\u2019atmosfera<\/strong><\/h2>\n\n\n\n<p>Manifestazioni come la Prosecco Unbound portano con loro la bellezza di far vivere un territorio e di farlo scoprire ai visitatori ma anche a chi ogni giorno vive in queste zone.&nbsp;<strong>Lo pu\u00f2 fare attraverso eventi collaterali, dai quali nasce la voglia di stare insieme e di condividere<\/strong>.&nbsp;<\/p>\n\n\n\n<p>Per questo Marca Bianca ha scelto di posizionare il base camp della manifestazione proprio al centro di Pieve di Soligo, presso il Fondaco del Gusto.&nbsp;<strong>Un\u2019area circondata da giardini, che durante i giorni che vanno dal 30 maggio al 2 giugno sar\u00e0 sede di partenza e arrivo<\/strong>. Pieve di Soligo, con i suoi spazi verdi diventer\u00e0 anche luogo di accoglienza dove verranno posizionate le zone ristoro.&nbsp;<strong>Qui si concentreranno le attivit\u00e0 principali: registrazioni, momenti di condivisione, degustazioni serali e anche briefing tecnici<\/strong>. Un vero e proprio villaggio gravel pronto a prendere vita.&nbsp;<\/p>\n\n\n\n<figure class=\"wp-block-image size-full\"><img loading=\"lazy\" decoding=\"async\" width=\"928\" height=\"507\" src=\"https:\/\/news.marcabianca.bike\/wp-content\/uploads\/2026\/04\/image-2.png\" alt=\"\" class=\"wp-image-635\" srcset=\"https:\/\/news.marcabianca.bike\/wp-content\/uploads\/2026\/04\/image-2.png 928w, https:\/\/news.marcabianca.bike\/wp-content\/uploads\/2026\/04\/image-2-300x164.png 300w, https:\/\/news.marcabianca.bike\/wp-content\/uploads\/2026\/04\/image-2-768x420.png 768w, https:\/\/news.marcabianca.bike\/wp-content\/uploads\/2026\/04\/image-2-137x75.png 137w, https:\/\/news.marcabianca.bike\/wp-content\/uploads\/2026\/04\/image-2-480x262.png 480w\" sizes=\"auto, (max-width:767px) 480px, (max-width:928px) 100vw, 928px\" \/><\/figure>\n\n\n\n<h2 class=\"wp-block-heading\"><strong>Pedalare<\/strong><\/h2>\n\n\n\n<p>La seconda edizione della Prosecco Unbound prevede tre percorsi che toccano aree di grande importanza naturalistica, culturale e sportiva.\u00a0<strong>Il percorso si snoda su terreni tanto variegati e differenti, delle zone ideali per chi ama il gravel e la mountain bike<\/strong>. I partecipanti potranno pedalare su strade bianche, sentieri, strade secondarie, il tutto incorniciato dalle Colline del Prosecco, della Pedemontana e del Grappa.\u00a0<\/p>\n\n\n\n<p><strong>Il primo percorso sar\u00e0 il K345<\/strong>, con un dislivello di 4.800 metri. Un viaggio lungo, duro ma estremamente autentico: laghi, castelli e strade panoramiche tra Conegliano e Vittorio Veneto. Il finale sar\u00e0 invece tra Asolo e la Pedemontana del Grappa, dove storia del ciclismo e leggende si incontrano.&nbsp;<\/p>\n\n\n\n<p><strong>Con il percorso K221, con 3.040 metri di dislivello, si ha una giusta via di mezzo per chi vuole provare e mettersi alla prova ma non senza godere delle bellezze naturalistiche<\/strong>. Tornano protagoniste le salite del mondiale gravel 2023, con Valdobbiadene e il Tempio di Canova con scenari tra realt\u00e0 e fantasia.&nbsp;<\/p>\n\n\n\n<p><strong>Il pi\u00f9 corto dei tre percorsi \u00e8 il K131 con 1.730 metri di dislivello<\/strong>. Un solo giorno, tanti chilometri ma estremamente accessibile per goderci al meglio la Prosecco Unbound. Da Pieve di Soligo a Conegliano, citt\u00e0 del Cima, fino alle terre di Ottavio Bottecchia: storia, arte e ciclismo si intrecciano in un unico racconto.<\/p>\n\n\n\n<p><\/p>\n\n\n\n<figure class=\"wp-block-image size-full\"><img loading=\"lazy\" decoding=\"async\" width=\"928\" height=\"507\" src=\"https:\/\/news.marcabianca.bike\/wp-content\/uploads\/2026\/04\/image-3.png\" alt=\"\" class=\"wp-image-636\" srcset=\"https:\/\/news.marcabianca.bike\/wp-content\/uploads\/2026\/04\/image-3.png 928w, https:\/\/news.marcabianca.bike\/wp-content\/uploads\/2026\/04\/image-3-300x164.png 300w, https:\/\/news.marcabianca.bike\/wp-content\/uploads\/2026\/04\/image-3-768x420.png 768w, https:\/\/news.marcabianca.bike\/wp-content\/uploads\/2026\/04\/image-3-137x75.png 137w, https:\/\/news.marcabianca.bike\/wp-content\/uploads\/2026\/04\/image-3-480x262.png 480w\" sizes=\"auto, (max-width:767px) 480px, (max-width:928px) 100vw, 928px\" \/><\/figure>\n\n\n\n<h2 class=\"wp-block-heading\"><strong>Iscrizioni<\/strong><\/h2>\n\n\n\n<p>Le iscrizioni sono aperte e chiuderanno il 24 maggio 2026, salvo avvenga l\u2019esaurimento posti fissato a 300 unit\u00e0. La tariffa scontata \u201cearly birds\u201d sar\u00e0 valida fino al 30 aprile 2026.<\/p>\n\n\n\n<p>Per pedalare sul percorso K345 la quota \u00e8 di 45 euro, mentre per il K221 \u00e8 di 30 euro, infine per il percorso K131 \u00e8 da 25 euro.\u00a0<\/p>\n\n\n\n<p>Per informazioni e contatti<\/p>\n\n\n\n<p><a href=\"mailto:info@marcabianca.bike\">info@marcabianca.bike<\/a><\/p>\n\n\n\n<p><\/p>\n","protected":false},"excerpt":{"rendered":"<p>Stefano Masi Torna la Prosecco Unbound, evento non competitivo in formula self-supported dedicato all\u2019esplorazione cicloturistica per biciclette gravel e mountain bike.\u00a0Si svolger\u00e0 dal 30 maggio al<span class=\"excerpt-hellip\"> [\u2026]<\/span><\/p>\n","protected":false},"author":1,"featured_media":638,"comment_status":"open","ping_status":"closed","sticky":false,"template":"","format":"standard","meta":{"footnotes":""},"categories":[1],"tags":[24,8,23,22],"class_list":["post-632","post","type-post","status-publish","format-standard","has-post-thumbnail","hentry","category-uncategorized","tag-comunicatostampamarcabianca","tag-gravel","tag-greensport","tag-marcabianca"],"_links":{"self":[{"href":"https:\/\/news.marcabianca.bike\/index.php\/wp-json\/wp\/v2\/posts\/632","targetHints":{"allow":["GET"]}}],"collection":[{"href":"https:\/\/news.marcabianca.bike\/index.php\/wp-json\/wp\/v2\/posts"}],"about":[{"href":"https:\/\/news.marcabianca.bike\/index.php\/wp-json\/wp\/v2\/types\/post"}],"author":[{"embeddable":true,"href":"https:\/\/news.marcabianca.bike\/index.php\/wp-json\/wp\/v2\/users\/1"}],"replies":[{"embeddable":true,"href":"https:\/\/news.marcabianca.bike\/index.php\/wp-json\/wp\/v2\/comments?post=632"}],"version-history":[{"count":4,"href":"https:\/\/news.marcabianca.bike\/index.php\/wp-json\/wp\/v2\/posts\/632\/revisions"}],"predecessor-version":[{"id":647,"href":"https:\/\/news.marcabianca.bike\/index.php\/wp-json\/wp\/v2\/posts\/632\/revisions\/647"}],"wp:featuredmedia":[{"embeddable":true,"href":"https:\/\/news.marcabianca.bike\/index.php\/wp-json\/wp\/v2\/media\/638"}],"wp:attachment":[{"href":"https:\/\/news.marcabianca.bike\/index.php\/wp-json\/wp\/v2\/media?parent=632"}],"wp:term":[{"taxonomy":"category","embeddable":true,"href":"https:\/\/news.marcabianca.bike\/index.php\/wp-json\/wp\/v2\/categories?post=632"},{"taxonomy":"post_tag","embeddable":true,"href":"https:\/\/news.marcabianca.bike\/index.php\/wp-json\/wp\/v2\/tags?post=632"}],"curies":[{"name":"wp","href":"https:\/\/api.w.org\/{rel}","templated":true}]}}