{"id":631,"date":"2026-04-16T09:18:57","date_gmt":"2026-04-16T09:18:57","guid":{"rendered":"https:\/\/news.marcabianca.bike\/?p=631"},"modified":"2026-04-27T09:19:39","modified_gmt":"2026-04-27T09:19:39","slug":"marca-bianca-4-eventi-gravel-in-veneto-con-la-spinta-di-pinarello","status":"publish","type":"post","link":"https:\/\/news.marcabianca.bike\/index.php\/2026\/04\/16\/marca-bianca-4-eventi-gravel-in-veneto-con-la-spinta-di-pinarello\/","title":{"rendered":"Marca Bianca: 4 eventi gravel in Veneto\u2026 con la spinta di Pinarello"},"content":{"rendered":"\n<p><a href=\"https:\/\/bici.style\/author\/bicistyle\/\">bicistyle<\/a><\/p>\n\n\n\n<p>Nel cuore della Marca Trevigiana si conferma anno dopo anno uno dei progetti pi\u00f9 autentici del panorama gravel italiano.&nbsp;<a href=\"https:\/\/www.marcabianca.bike\/\" target=\"_blank\" rel=\"noreferrer noopener\">Marca Bianca<\/a>&nbsp;\u00e8 molto pi\u00f9 di un calendario eventi.&nbsp;<strong>E\u2019 un\u2019esperienza immersiva. Un viaggio tra strade bianche, natura e cultura ciclistica<\/strong>. Un racconto che adesso si arricchisce di un partner d\u2019eccellenza:&nbsp;<a href=\"https:\/\/pinarello.com\/europe\/it\" target=\"_blank\" rel=\"noreferrer noopener\">Pinarello<\/a>.<\/p>\n\n\n\n<p>L\u2019ingresso del marchio trevigiano segna difatti un passaggio importante.\u00a0<strong>Non \u00e8 una semplice sponsorizzazione. E\u2019 una sinergia naturale.\u00a0<\/strong>Da una parte, un\u2019azienda simbolo del Made in Italy e player globale per innovazione e performance. Dall\u2019altra, un progetto che celebra l\u2019essenza pi\u00f9 pura del ciclismo. Il punto di incontro \u00e8 chiaro: territorio, passione ed eccellenza.<\/p>\n\n\n\n<figure class=\"wp-block-image size-full\"><img loading=\"lazy\" decoding=\"async\" width=\"928\" height=\"507\" src=\"https:\/\/news.marcabianca.bike\/wp-content\/uploads\/2026\/04\/image-4.png\" alt=\"\" class=\"wp-image-640\" srcset=\"https:\/\/news.marcabianca.bike\/wp-content\/uploads\/2026\/04\/image-4.png 928w, https:\/\/news.marcabianca.bike\/wp-content\/uploads\/2026\/04\/image-4-300x164.png 300w, https:\/\/news.marcabianca.bike\/wp-content\/uploads\/2026\/04\/image-4-768x420.png 768w, https:\/\/news.marcabianca.bike\/wp-content\/uploads\/2026\/04\/image-4-137x75.png 137w, https:\/\/news.marcabianca.bike\/wp-content\/uploads\/2026\/04\/image-4-480x262.png 480w\" sizes=\"auto, (max-width:767px) 480px, (max-width:928px) 100vw, 928px\" \/><\/figure>\n\n\n\n<p><\/p>\n\n\n\n<h2 class=\"wp-block-heading\"><strong>Un territorio simbolo del ciclismo mondiale<\/strong><\/h2>\n\n\n\n<p>Marca Bianca si sviluppa in una delle aree pi\u00f9 vocate al ciclismo. La provincia di Treviso \u00e8 un riferimento internazionale.&nbsp;<strong>Qui sono passati eventi di primo piano come il Campionato del Mondo Gravel 2023 e qui si svolger\u00e0 il Campionato del Mondo Ciclocross 2029<\/strong>. E\u2019 una terra che racconta storie. Strade bianche. Vigneti. Borghi. Salite brevi e intense. Un contesto che ha visto nascere campioni come&nbsp;<strong>Ottavio Bottecchia<\/strong>&nbsp;e che continua a essere un laboratorio naturale per il ciclismo moderno.<\/p>\n\n\n\n<p>In questo scenario,\u00a0<a href=\"https:\/\/bici.style\/proposte\/marca-bianca-gravel-treviso-emozioni\/\" target=\"_blank\" rel=\"noreferrer noopener\">il gravel<\/a>\u00a0trova la sua espressione pi\u00f9 autentica. Non solo disciplina sportiva. Ma linguaggio. Un modo per vivere il territorio senza filtri.<\/p>\n\n\n\n<figure class=\"wp-block-image size-full\"><img loading=\"lazy\" decoding=\"async\" width=\"928\" height=\"507\" src=\"https:\/\/news.marcabianca.bike\/wp-content\/uploads\/2026\/04\/image-5.png\" alt=\"\" class=\"wp-image-641\" srcset=\"https:\/\/news.marcabianca.bike\/wp-content\/uploads\/2026\/04\/image-5.png 928w, https:\/\/news.marcabianca.bike\/wp-content\/uploads\/2026\/04\/image-5-300x164.png 300w, https:\/\/news.marcabianca.bike\/wp-content\/uploads\/2026\/04\/image-5-768x420.png 768w, https:\/\/news.marcabianca.bike\/wp-content\/uploads\/2026\/04\/image-5-137x75.png 137w, https:\/\/news.marcabianca.bike\/wp-content\/uploads\/2026\/04\/image-5-480x262.png 480w\" sizes=\"auto, (max-width:767px) 480px, (max-width:928px) 100vw, 928px\" \/><\/figure>\n\n\n\n<p><\/p>\n\n\n\n<h3 class=\"wp-block-heading\"><strong>Quattro eventi, quattro anime<\/strong><\/h3>\n\n\n\n<p>La stagione 2026 si articola su quattro appuntamenti. Diversi per format e difficolt\u00e0, ma uniti dalla stessa visione.<\/p>\n\n\n\n<p><strong>Si \u00e8 partiti domenica 12 aprile con La Classica<\/strong>, a Santa Lucia di Piave. E\u2019 l\u2019evento d\u2019apertura. Percorsi scorrevoli. Ritmi accessibili. Il modo ideale per entrare nel mondo Marca Bianca.<\/p>\n\n\n\n<p><strong>Dal 30 maggio al 2 giugno arriver\u00e0&nbsp;<a href=\"https:\/\/bici.style\/esperienze\/prosecco-unbound-concentrato-gravel-paesaggi-unesco\" target=\"_blank\" rel=\"noreferrer noopener\">La Prosecco Unbound<\/a><\/strong>, con base a Pieve di Soligo. Un\u2019esperienza di pi\u00f9 giorni. Un viaggio tra le colline del Prosecco. Qui il gravel incontra il turismo lento. Ogni chilometro sar\u00e0 una vera e propria scoperta\u2026<\/p>\n\n\n\n<p><strong>Il 27 giugno \u00e8 il momento de La Notturna<\/strong>, a Morgano. Un evento suggestivo. Si pedaler\u00e0 sotto le stelle. Cambia la percezione. Aumenta l\u2019adrenalina. Servir\u00e0 tecnica e concentrazione.<\/p>\n\n\n\n<p><strong>Il gran finale sar\u00e0 come di consueto con&nbsp;<a href=\"https:\/\/bici.style\/esperienze\/epica-conclude-grande-anno-zero-marca-bianca\" target=\"_blank\" rel=\"noreferrer noopener\">L\u2019Epica<\/a>, il 18 ottobre<\/strong>&nbsp;a Pieve di Soligo. Percorsi impegnativi. Dislivelli importanti. Atmosfera autunnale. \u00c8 la sfida che misura davvero lo spirito gravel.<\/p>\n\n\n\n<p>Marca Bianca non \u00e8 una gara tradizionale.&nbsp;<strong>E\u2019 un\u2019avventura personale. Muri da scalare. Settori sterrati. Polvere. Fatica. Ma anche libert\u00e0.<\/strong>&nbsp;Una strada bianca pu\u00f2 cambiare prospettiva. Basta una curva. Il paesaggio si apre. Il ciclista diventa parte della natura. Senza barriere\u2026<\/p>\n\n\n\n<p>Dal Piave alle colline del Prosecco, ogni appuntamento sar\u00e0 diverso. I colori cambiano. Le sensazioni anche. Primavera, estate, autunno: ogni evento ha una propria identit\u00e0.<\/p>\n\n\n\n<figure class=\"wp-block-image size-full\"><img loading=\"lazy\" decoding=\"async\" width=\"928\" height=\"460\" src=\"https:\/\/news.marcabianca.bike\/wp-content\/uploads\/2026\/04\/image-6.png\" alt=\"\" class=\"wp-image-642\" srcset=\"https:\/\/news.marcabianca.bike\/wp-content\/uploads\/2026\/04\/image-6.png 928w, https:\/\/news.marcabianca.bike\/wp-content\/uploads\/2026\/04\/image-6-300x149.png 300w, https:\/\/news.marcabianca.bike\/wp-content\/uploads\/2026\/04\/image-6-768x381.png 768w, https:\/\/news.marcabianca.bike\/wp-content\/uploads\/2026\/04\/image-6-150x75.png 150w, https:\/\/news.marcabianca.bike\/wp-content\/uploads\/2026\/04\/image-6-480x238.png 480w\" sizes=\"auto, (max-width:767px) 480px, (max-width:928px) 100vw, 928px\" \/><\/figure>\n\n\n\n<h2 class=\"wp-block-heading\"><strong>L\u2019energia di Pinarello: visione e futuro<\/strong>In questo contesto si inserisce il contributo di Pinarello.&nbsp;<strong>L\u2019azienda porta esperienza, tecnologia e una visione internazionale. La partnership rafforza il progetto<\/strong>. Lo rende ancora pi\u00f9 solido e riconoscibile.<\/h2>\n\n\n\n<p>Alla base ci sono valori condivisi. L\u2019amore per il ciclismo.&nbsp;<strong>Il legame con il territorio. La ricerca continua dell\u2019eccellenza. Elementi che guidano ogni scelta, sia organizzativa che sportiva<\/strong>.<\/p>\n\n\n\n<p>L\u2019obiettivo \u00e8 crescere. Non solo in termini di partecipazione. Ma anche di qualit\u00e0 dell\u2019esperienza.&nbsp;<strong>Creare eventi sempre pi\u00f9 coinvolgenti. Sempre pi\u00f9 autentici.<\/strong><\/p>\n\n\n\n<p>Quattro eventi. Un unico obiettivo: vivere il gravel in modo completo.&nbsp;<strong>La combinata Marca Bianca \u00e8 pensata per chi vuole affrontare l\u2019intero percorso<\/strong>. Un viaggio tra stagioni e paesaggi. Tra fatica e soddisfazione. Non \u00e8 solo sport. E\u2019 cultura. \u00c8 identit\u00e0. \u00c8 territorio.<\/p>\n\n\n\n<p>E, soprattutto, \u00e8 un\u2019avventura da raccontare.&nbsp;<strong>Perch\u00e9 ogni partecipante, alla fine, porta a casa qualcosa in pi\u00f9. Non solo chilometri. Ma emozioni.<\/strong><\/p>\n\n\n\n<p><strong>Marca Bianca cresce<\/strong>. Con la stessa visione. Con la stessa passione. E con un partner come Pinarello al proprio fianco, pronta a pedalare ancora pi\u00f9 lontano.<\/p>\n\n\n\n<p>Per informazioni e contatti<\/p>\n\n\n\n<p><a href=\"mailto:info@marcabianca.bike\">info@marcabianca.bike<\/a><\/p>\n\n\n\n<p><\/p>\n","protected":false},"excerpt":{"rendered":"<p>bicistyle Nel cuore della Marca Trevigiana si conferma anno dopo anno uno dei progetti pi\u00f9 autentici del panorama gravel italiano.&nbsp;Marca Bianca&nbsp;\u00e8 molto pi\u00f9 di un calendario<span class=\"excerpt-hellip\"> [\u2026]<\/span><\/p>\n","protected":false},"author":1,"featured_media":643,"comment_status":"open","ping_status":"closed","sticky":false,"template":"","format":"standard","meta":{"footnotes":""},"categories":[1],"tags":[24,8,23,22],"class_list":["post-631","post","type-post","status-publish","format-standard","has-post-thumbnail","hentry","category-uncategorized","tag-comunicatostampamarcabianca","tag-gravel","tag-greensport","tag-marcabianca"],"_links":{"self":[{"href":"https:\/\/news.marcabianca.bike\/index.php\/wp-json\/wp\/v2\/posts\/631","targetHints":{"allow":["GET"]}}],"collection":[{"href":"https:\/\/news.marcabianca.bike\/index.php\/wp-json\/wp\/v2\/posts"}],"about":[{"href":"https:\/\/news.marcabianca.bike\/index.php\/wp-json\/wp\/v2\/types\/post"}],"author":[{"embeddable":true,"href":"https:\/\/news.marcabianca.bike\/index.php\/wp-json\/wp\/v2\/users\/1"}],"replies":[{"embeddable":true,"href":"https:\/\/news.marcabianca.bike\/index.php\/wp-json\/wp\/v2\/comments?post=631"}],"version-history":[{"count":1,"href":"https:\/\/news.marcabianca.bike\/index.php\/wp-json\/wp\/v2\/posts\/631\/revisions"}],"predecessor-version":[{"id":644,"href":"https:\/\/news.marcabianca.bike\/index.php\/wp-json\/wp\/v2\/posts\/631\/revisions\/644"}],"wp:featuredmedia":[{"embeddable":true,"href":"https:\/\/news.marcabianca.bike\/index.php\/wp-json\/wp\/v2\/media\/643"}],"wp:attachment":[{"href":"https:\/\/news.marcabianca.bike\/index.php\/wp-json\/wp\/v2\/media?parent=631"}],"wp:term":[{"taxonomy":"category","embeddable":true,"href":"https:\/\/news.marcabianca.bike\/index.php\/wp-json\/wp\/v2\/categories?post=631"},{"taxonomy":"post_tag","embeddable":true,"href":"https:\/\/news.marcabianca.bike\/index.php\/wp-json\/wp\/v2\/tags?post=631"}],"curies":[{"name":"wp","href":"https:\/\/api.w.org\/{rel}","templated":true}]}}